{"id":780,"date":"2018-11-22T09:00:49","date_gmt":"2018-11-22T08:00:49","guid":{"rendered":"https:\/\/gem-equitation.fr\/lookbook\/?p=780"},"modified":"2019-04-19T09:28:56","modified_gmt":"2019-04-19T07:28:56","slug":"j-2-salon-du-cheval-de-paris","status":"publish","type":"post","link":"https:\/\/gem-equitation.fr\/lookbook\/j-2-salon-du-cheval-de-paris\/","title":{"rendered":"J-2 Salon du cheval de Paris"},"content":{"rendered":"<section class=\"l-section wpb_row height_medium\"><div class=\"l-section-h i-cf\"><div class=\"g-cols vc_row via_flex valign_top type_default stacking_default\"><div class=\"vc_col-sm-6 wpb_column vc_column_container\"><div class=\"vc_column-inner\"><div class=\"wpb_wrapper\"><div class=\"w-grid type_masonry layout_gallery_default cols_2 with_isotope\" id=\"us_grid_1\" style=\"--columns:2;--gap:4px;\" data-filterable=\"true\"><style>.layout_gallery_default .w-grid-item-h{}<\/style><div class=\"w-grid-list\">\t<article class=\"w-grid-item size_1x1 post-783 attachment type-attachment status-inherit hentry\" data-id=\"783\">\r\n\t\t<div class=\"w-grid-item-h\">\r\n\t\t\t\t\t\t\t<a ref=\"magnificPopupGrid\" href=\"https:\/\/gem-equitation.fr\/lookbook\/wp-content\/uploads\/2018\/11\/salon-du-cheval.jpg\" class=\"w-grid-item-anchor\" aria-label=\"salon-du-cheval\"><\/a>\r\n\t\t\t\t\t\t<div class=\"w-post-elm post_image usg_post_image_1 stretched\"><img loading=\"lazy\" decoding=\"async\" width=\"928\" height=\"249\" src=\"https:\/\/gem-equitation.fr\/lookbook\/wp-content\/uploads\/2018\/11\/salon-du-cheval.jpg\" class=\"attachment-full size-full\" alt=\"\" srcset=\"https:\/\/gem-equitation.fr\/lookbook\/wp-content\/uploads\/2018\/11\/salon-du-cheval.jpg 928w, https:\/\/gem-equitation.fr\/lookbook\/wp-content\/uploads\/2018\/11\/salon-du-cheval-300x80.jpg 300w, https:\/\/gem-equitation.fr\/lookbook\/wp-content\/uploads\/2018\/11\/salon-du-cheval-400x107.jpg 400w, https:\/\/gem-equitation.fr\/lookbook\/wp-content\/uploads\/2018\/11\/salon-du-cheval-600x161.jpg 600w, https:\/\/gem-equitation.fr\/lookbook\/wp-content\/uploads\/2018\/11\/salon-du-cheval-100x27.jpg 100w, https:\/\/gem-equitation.fr\/lookbook\/wp-content\/uploads\/2018\/11\/salon-du-cheval-200x54.jpg 200w, https:\/\/gem-equitation.fr\/lookbook\/wp-content\/uploads\/2018\/11\/salon-du-cheval-150x40.jpg 150w, https:\/\/gem-equitation.fr\/lookbook\/wp-content\/uploads\/2018\/11\/salon-du-cheval-40x11.jpg 40w\" sizes=\"auto, (max-width: 928px) 100vw, 928px\" \/><\/div>\t\t<\/div>\r\n\t\t\t<\/article>\r\n\t<article class=\"w-grid-item size_1x1 post-784 attachment type-attachment status-inherit hentry\" data-id=\"784\">\r\n\t\t<div class=\"w-grid-item-h\">\r\n\t\t\t\t\t\t\t<a ref=\"magnificPopupGrid\" href=\"https:\/\/gem-equitation.fr\/lookbook\/wp-content\/uploads\/2018\/11\/SALON-DU-CHEVAL-DE-PARIS_3915226031749176196.jpg\" class=\"w-grid-item-anchor\" aria-label=\"SALON-DU-CHEVAL-DE-PARIS_3915226031749176196\"><\/a>\r\n\t\t\t\t\t\t<div class=\"w-post-elm post_image usg_post_image_1 stretched\"><img loading=\"lazy\" decoding=\"async\" width=\"310\" height=\"297\" src=\"https:\/\/gem-equitation.fr\/lookbook\/wp-content\/uploads\/2018\/11\/SALON-DU-CHEVAL-DE-PARIS_3915226031749176196.jpg\" class=\"attachment-full size-full\" alt=\"\" srcset=\"https:\/\/gem-equitation.fr\/lookbook\/wp-content\/uploads\/2018\/11\/SALON-DU-CHEVAL-DE-PARIS_3915226031749176196.jpg 310w, https:\/\/gem-equitation.fr\/lookbook\/wp-content\/uploads\/2018\/11\/SALON-DU-CHEVAL-DE-PARIS_3915226031749176196-300x287.jpg 300w, https:\/\/gem-equitation.fr\/lookbook\/wp-content\/uploads\/2018\/11\/SALON-DU-CHEVAL-DE-PARIS_3915226031749176196-100x96.jpg 100w, https:\/\/gem-equitation.fr\/lookbook\/wp-content\/uploads\/2018\/11\/SALON-DU-CHEVAL-DE-PARIS_3915226031749176196-200x192.jpg 200w, https:\/\/gem-equitation.fr\/lookbook\/wp-content\/uploads\/2018\/11\/SALON-DU-CHEVAL-DE-PARIS_3915226031749176196-150x144.jpg 150w, https:\/\/gem-equitation.fr\/lookbook\/wp-content\/uploads\/2018\/11\/SALON-DU-CHEVAL-DE-PARIS_3915226031749176196-40x38.jpg 40w\" sizes=\"auto, (max-width: 310px) 100vw, 310px\" \/><\/div>\t\t<\/div>\r\n\t\t\t<\/article>\r\n\t<article class=\"w-grid-item size_1x1 post-786 attachment type-attachment status-inherit hentry\" data-id=\"786\">\r\n\t\t<div class=\"w-grid-item-h\">\r\n\t\t\t\t\t\t\t<a ref=\"magnificPopupGrid\" href=\"https:\/\/gem-equitation.fr\/lookbook\/wp-content\/uploads\/2018\/11\/dd.jpeg\" class=\"w-grid-item-anchor\" aria-label=\"dd\"><\/a>\r\n\t\t\t\t\t\t<div class=\"w-post-elm post_image usg_post_image_1 stretched\"><img loading=\"lazy\" decoding=\"async\" width=\"1024\" height=\"768\" src=\"https:\/\/gem-equitation.fr\/lookbook\/wp-content\/uploads\/2018\/11\/dd.jpeg\" class=\"attachment-full size-full\" alt=\"\" srcset=\"https:\/\/gem-equitation.fr\/lookbook\/wp-content\/uploads\/2018\/11\/dd.jpeg 1024w, https:\/\/gem-equitation.fr\/lookbook\/wp-content\/uploads\/2018\/11\/dd-300x225.jpeg 300w, https:\/\/gem-equitation.fr\/lookbook\/wp-content\/uploads\/2018\/11\/dd-400x300.jpeg 400w, https:\/\/gem-equitation.fr\/lookbook\/wp-content\/uploads\/2018\/11\/dd-600x450.jpeg 600w, https:\/\/gem-equitation.fr\/lookbook\/wp-content\/uploads\/2018\/11\/dd-100x75.jpeg 100w, https:\/\/gem-equitation.fr\/lookbook\/wp-content\/uploads\/2018\/11\/dd-200x150.jpeg 200w, https:\/\/gem-equitation.fr\/lookbook\/wp-content\/uploads\/2018\/11\/dd-150x113.jpeg 150w, https:\/\/gem-equitation.fr\/lookbook\/wp-content\/uploads\/2018\/11\/dd-40x30.jpeg 40w\" sizes=\"auto, (max-width: 1024px) 100vw, 1024px\" \/><\/div>\t\t<\/div>\r\n\t\t\t<\/article>\r\n\t<article class=\"w-grid-item size_1x1 post-787 attachment type-attachment status-inherit hentry\" data-id=\"787\">\r\n\t\t<div class=\"w-grid-item-h\">\r\n\t\t\t\t\t\t\t<a ref=\"magnificPopupGrid\" href=\"https:\/\/gem-equitation.fr\/lookbook\/wp-content\/uploads\/2018\/11\/ccc.jpeg\" class=\"w-grid-item-anchor\" aria-label=\"ccc\"><\/a>\r\n\t\t\t\t\t\t<div class=\"w-post-elm post_image usg_post_image_1 stretched\"><img loading=\"lazy\" decoding=\"async\" width=\"768\" height=\"1024\" src=\"https:\/\/gem-equitation.fr\/lookbook\/wp-content\/uploads\/2018\/11\/ccc.jpeg\" class=\"attachment-full size-full\" alt=\"\" srcset=\"https:\/\/gem-equitation.fr\/lookbook\/wp-content\/uploads\/2018\/11\/ccc.jpeg 768w, https:\/\/gem-equitation.fr\/lookbook\/wp-content\/uploads\/2018\/11\/ccc-225x300.jpeg 225w, https:\/\/gem-equitation.fr\/lookbook\/wp-content\/uploads\/2018\/11\/ccc-300x400.jpeg 300w, https:\/\/gem-equitation.fr\/lookbook\/wp-content\/uploads\/2018\/11\/ccc-450x600.jpeg 450w, https:\/\/gem-equitation.fr\/lookbook\/wp-content\/uploads\/2018\/11\/ccc-75x100.jpeg 75w, https:\/\/gem-equitation.fr\/lookbook\/wp-content\/uploads\/2018\/11\/ccc-150x200.jpeg 150w, https:\/\/gem-equitation.fr\/lookbook\/wp-content\/uploads\/2018\/11\/ccc-113x150.jpeg 113w, https:\/\/gem-equitation.fr\/lookbook\/wp-content\/uploads\/2018\/11\/ccc-30x40.jpeg 30w\" sizes=\"auto, (max-width: 768px) 100vw, 768px\" \/><\/div>\t\t<\/div>\r\n\t\t\t<\/article>\r\n\t<article class=\"w-grid-item size_1x1 post-788 attachment type-attachment status-inherit hentry\" data-id=\"788\">\r\n\t\t<div class=\"w-grid-item-h\">\r\n\t\t\t\t\t\t\t<a ref=\"magnificPopupGrid\" href=\"https:\/\/gem-equitation.fr\/lookbook\/wp-content\/uploads\/2018\/11\/cccc.jpeg\" class=\"w-grid-item-anchor\" aria-label=\"cccc\"><\/a>\r\n\t\t\t\t\t\t<div class=\"w-post-elm post_image usg_post_image_1 stretched\"><img loading=\"lazy\" decoding=\"async\" width=\"1024\" height=\"768\" src=\"https:\/\/gem-equitation.fr\/lookbook\/wp-content\/uploads\/2018\/11\/cccc.jpeg\" class=\"attachment-full size-full\" alt=\"\" srcset=\"https:\/\/gem-equitation.fr\/lookbook\/wp-content\/uploads\/2018\/11\/cccc.jpeg 1024w, https:\/\/gem-equitation.fr\/lookbook\/wp-content\/uploads\/2018\/11\/cccc-300x225.jpeg 300w, https:\/\/gem-equitation.fr\/lookbook\/wp-content\/uploads\/2018\/11\/cccc-400x300.jpeg 400w, https:\/\/gem-equitation.fr\/lookbook\/wp-content\/uploads\/2018\/11\/cccc-600x450.jpeg 600w, https:\/\/gem-equitation.fr\/lookbook\/wp-content\/uploads\/2018\/11\/cccc-100x75.jpeg 100w, https:\/\/gem-equitation.fr\/lookbook\/wp-content\/uploads\/2018\/11\/cccc-200x150.jpeg 200w, https:\/\/gem-equitation.fr\/lookbook\/wp-content\/uploads\/2018\/11\/cccc-150x113.jpeg 150w, https:\/\/gem-equitation.fr\/lookbook\/wp-content\/uploads\/2018\/11\/cccc-40x30.jpeg 40w\" sizes=\"auto, (max-width: 1024px) 100vw, 1024px\" \/><\/div>\t\t<\/div>\r\n\t\t\t<\/article>\r\n\t<article class=\"w-grid-item size_1x1 post-789 attachment type-attachment status-inherit hentry\" data-id=\"789\">\r\n\t\t<div class=\"w-grid-item-h\">\r\n\t\t\t\t\t\t\t<a ref=\"magnificPopupGrid\" href=\"https:\/\/gem-equitation.fr\/lookbook\/wp-content\/uploads\/2018\/11\/c.jpeg\" class=\"w-grid-item-anchor\" aria-label=\"c\"><\/a>\r\n\t\t\t\t\t\t<div class=\"w-post-elm post_image usg_post_image_1 stretched\"><img loading=\"lazy\" decoding=\"async\" width=\"1024\" height=\"768\" src=\"https:\/\/gem-equitation.fr\/lookbook\/wp-content\/uploads\/2018\/11\/c.jpeg\" class=\"attachment-full size-full\" alt=\"\" srcset=\"https:\/\/gem-equitation.fr\/lookbook\/wp-content\/uploads\/2018\/11\/c.jpeg 1024w, https:\/\/gem-equitation.fr\/lookbook\/wp-content\/uploads\/2018\/11\/c-300x225.jpeg 300w, https:\/\/gem-equitation.fr\/lookbook\/wp-content\/uploads\/2018\/11\/c-400x300.jpeg 400w, https:\/\/gem-equitation.fr\/lookbook\/wp-content\/uploads\/2018\/11\/c-600x450.jpeg 600w, https:\/\/gem-equitation.fr\/lookbook\/wp-content\/uploads\/2018\/11\/c-100x75.jpeg 100w, https:\/\/gem-equitation.fr\/lookbook\/wp-content\/uploads\/2018\/11\/c-200x150.jpeg 200w, https:\/\/gem-equitation.fr\/lookbook\/wp-content\/uploads\/2018\/11\/c-150x113.jpeg 150w, https:\/\/gem-equitation.fr\/lookbook\/wp-content\/uploads\/2018\/11\/c-40x30.jpeg 40w\" sizes=\"auto, (max-width: 1024px) 100vw, 1024px\" \/><\/div>\t\t<\/div>\r\n\t\t\t<\/article>\r\n\t<article class=\"w-grid-item size_1x1 post-790 attachment type-attachment status-inherit hentry\" data-id=\"790\">\r\n\t\t<div class=\"w-grid-item-h\">\r\n\t\t\t\t\t\t\t<a ref=\"magnificPopupGrid\" href=\"https:\/\/gem-equitation.fr\/lookbook\/wp-content\/uploads\/2018\/11\/cc.jpeg\" class=\"w-grid-item-anchor\" aria-label=\"cc\"><\/a>\r\n\t\t\t\t\t\t<div class=\"w-post-elm post_image usg_post_image_1 stretched\"><img loading=\"lazy\" decoding=\"async\" width=\"1024\" height=\"768\" src=\"https:\/\/gem-equitation.fr\/lookbook\/wp-content\/uploads\/2018\/11\/cc.jpeg\" class=\"attachment-full size-full\" alt=\"\" srcset=\"https:\/\/gem-equitation.fr\/lookbook\/wp-content\/uploads\/2018\/11\/cc.jpeg 1024w, https:\/\/gem-equitation.fr\/lookbook\/wp-content\/uploads\/2018\/11\/cc-300x225.jpeg 300w, https:\/\/gem-equitation.fr\/lookbook\/wp-content\/uploads\/2018\/11\/cc-400x300.jpeg 400w, https:\/\/gem-equitation.fr\/lookbook\/wp-content\/uploads\/2018\/11\/cc-600x450.jpeg 600w, https:\/\/gem-equitation.fr\/lookbook\/wp-content\/uploads\/2018\/11\/cc-100x75.jpeg 100w, https:\/\/gem-equitation.fr\/lookbook\/wp-content\/uploads\/2018\/11\/cc-200x150.jpeg 200w, https:\/\/gem-equitation.fr\/lookbook\/wp-content\/uploads\/2018\/11\/cc-150x113.jpeg 150w, https:\/\/gem-equitation.fr\/lookbook\/wp-content\/uploads\/2018\/11\/cc-40x30.jpeg 40w\" sizes=\"auto, (max-width: 1024px) 100vw, 1024px\" \/><\/div>\t\t<\/div>\r\n\t\t\t<\/article>\r\n\t<article class=\"w-grid-item size_1x1 post-791 attachment type-attachment status-inherit hentry\" data-id=\"791\">\r\n\t\t<div class=\"w-grid-item-h\">\r\n\t\t\t\t\t\t\t<a ref=\"magnificPopupGrid\" href=\"https:\/\/gem-equitation.fr\/lookbook\/wp-content\/uploads\/2018\/11\/WhatsApp-Image-2018-11-21-at-12.18.41.jpeg\" class=\"w-grid-item-anchor\" aria-label=\"WhatsApp Image 2018-11-21 at 12.18.41\"><\/a>\r\n\t\t\t\t\t\t<div class=\"w-post-elm post_image usg_post_image_1 stretched\"><img loading=\"lazy\" decoding=\"async\" width=\"1024\" height=\"768\" src=\"https:\/\/gem-equitation.fr\/lookbook\/wp-content\/uploads\/2018\/11\/WhatsApp-Image-2018-11-21-at-12.18.41.jpeg\" class=\"attachment-full size-full\" alt=\"\" srcset=\"https:\/\/gem-equitation.fr\/lookbook\/wp-content\/uploads\/2018\/11\/WhatsApp-Image-2018-11-21-at-12.18.41.jpeg 1024w, https:\/\/gem-equitation.fr\/lookbook\/wp-content\/uploads\/2018\/11\/WhatsApp-Image-2018-11-21-at-12.18.41-300x225.jpeg 300w, https:\/\/gem-equitation.fr\/lookbook\/wp-content\/uploads\/2018\/11\/WhatsApp-Image-2018-11-21-at-12.18.41-400x300.jpeg 400w, https:\/\/gem-equitation.fr\/lookbook\/wp-content\/uploads\/2018\/11\/WhatsApp-Image-2018-11-21-at-12.18.41-600x450.jpeg 600w, https:\/\/gem-equitation.fr\/lookbook\/wp-content\/uploads\/2018\/11\/WhatsApp-Image-2018-11-21-at-12.18.41-100x75.jpeg 100w, https:\/\/gem-equitation.fr\/lookbook\/wp-content\/uploads\/2018\/11\/WhatsApp-Image-2018-11-21-at-12.18.41-200x150.jpeg 200w, https:\/\/gem-equitation.fr\/lookbook\/wp-content\/uploads\/2018\/11\/WhatsApp-Image-2018-11-21-at-12.18.41-150x113.jpeg 150w, https:\/\/gem-equitation.fr\/lookbook\/wp-content\/uploads\/2018\/11\/WhatsApp-Image-2018-11-21-at-12.18.41-40x30.jpeg 40w\" sizes=\"auto, (max-width: 1024px) 100vw, 1024px\" \/><\/div>\t\t<\/div>\r\n\t\t\t<\/article>\r\n<\/div><div class=\"w-grid-preloader\">\t<div class=\"g-preloader type_1\">\r\n\t\t<div><\/div>\r\n\t<\/div>\r\n\t<\/div>\t<div class=\"w-grid-json hidden\" onclick='return {&quot;action&quot;:&quot;us_ajax_grid&quot;,&quot;infinite_scroll&quot;:0,&quot;max_num_pages&quot;:1,&quot;pagination&quot;:&quot;none&quot;,&quot;template_vars&quot;:{&quot;columns&quot;:&quot;2&quot;,&quot;exclude_items&quot;:&quot;none&quot;,&quot;img_size&quot;:&quot;full&quot;,&quot;ignore_items_size&quot;:0,&quot;items_layout&quot;:&quot;gallery_default&quot;,&quot;items_offset&quot;:&quot;1&quot;,&quot;load_animation&quot;:&quot;none&quot;,&quot;overriding_link&quot;:&quot;%7B%22type%22%3A%22popup_image%22%7D&quot;,&quot;post_id&quot;:0,&quot;query_args&quot;:{&quot;post_type&quot;:[&quot;attachment&quot;],&quot;post__in&quot;:[&quot;783&quot;,&quot;784&quot;,&quot;786&quot;,&quot;787&quot;,&quot;788&quot;,&quot;789&quot;,&quot;790&quot;,&quot;791&quot;],&quot;post_status&quot;:&quot;inherit&quot;,&quot;post_mime_type&quot;:&quot;image&quot;,&quot;posts_per_page&quot;:999},&quot;orderby_query_args&quot;:{&quot;orderby&quot;:{&quot;post__in&quot;:&quot;ASC&quot;},&quot;order&quot;:&quot;ASC&quot;},&quot;type&quot;:&quot;masonry&quot;,&quot;us_grid_post_type&quot;:&quot;attachment&quot;,&quot;us_grid_ajax_index&quot;:1,&quot;us_grid_filter_query_string&quot;:null,&quot;us_grid_index&quot;:1,&quot;page_args&quot;:[]}}'><\/div>\r\n\t<\/div><\/div><\/div><\/div><div class=\"vc_col-sm-6 wpb_column vc_column_container\"><div class=\"vc_column-inner\"><div class=\"wpb_wrapper\"><div class=\"wpb_text_column text-article\"><div class=\"wpb_wrapper\"><p>Comme chaque ann\u00e9e, nous vous donnons rendez-vous au salon du cheval de Paris, \u00e0 Villepinte. Dernier rassemblement de l\u2019ann\u00e9e, cet \u00e9v\u00e8nement fait partie de ceux incontournables du monde \u00e9questre. Nous vous donnons donc rendez-vous du 24 novembre au 2 d\u00e9cembre 2018, au parc des expositions de Paris Nord Villepinte, pour la 47\u00e8me \u00e9dition du salon du cheval de Paris.<\/p>\n<p>Au programme, le grand Indoor de Paris, comp\u00e9tition nationale o\u00f9 toutes les disciplines \u00e9questres seront repr\u00e9sent\u00e9es ; le championnat du monde du cheval Arabe ; la nuit du cheval ; sans oublier bien-s\u00fbr les Longines Masters de Paris, qui regroupent l\u2019\u00e9lite mondiale du saut d\u2019obstacles durant 4 jours de grand sport.<\/p>\n<p>C\u00f4t\u00e9 GEM, nous vous accueillerons sur notre stand d\u00e8s samedi 24 novembre. Convivialit\u00e9, rencontres et bonne humeur seront une nouvelle fois nos mots d\u2019ordres. L\u2019occasion pour vous de nous (re)rencontrer en \u201clive\u201d, d\u2019\u00eatre conseill\u00e9s, et d\u2019\u00eatre d\u00e9finitivement conquis par nos mati\u00e8res innovantes !<br \/>\nNous vous d\u00e9voilerons nos derni\u00e8res nouveaut\u00e9s, notamment le petit dernier, notre tapis\u00a0Mala (kaki), chouchou des r\u00e9seaux ! Mais \u00e9galement d\u2019autres surprises \u00e0 venir, qui risquent de vous ravir&#8230;\u00a0Peut-\u00eatre m\u00eame des promos sp\u00e9ciales salon, qui sait&#8230;\u00a0\ud83d\ude09<br \/>\nEnfin nous vous avons concoct\u00e9 un jeu-concours de folie : un\u00a0jeu de piste\u00a0g\u00e9ant dans tout le salon\u00a0du cheval\u00a0! 8 chanceux seront tir\u00e9s au sort parmi les bonnes r\u00e9ponses, avec \u00e0 la cl\u00e9\u00a0des lots de dingues, et parmi eux plusieurs stages avec des cavaliers nationaux&#8230; Il va falloir \u00eatre r\u00e9actifs les Sherlock Holmes.<\/p>\n<p>Un seul conseil pour les jours \u00e0 venir : restez connect\u00e9s pour suivre nos futures aventures lors du salon du cheval de Paris !<\/p>\n<p>On se retrouve d\u00e8s samedi 24 novembre sur le stand E026 au parc des expositions de Paris Nord Villepinte !<\/p>\n<p>A tr\u00e8s vite,<br \/>\nBisous press\u00e9s,<br \/>\nLa team GEM<\/p>\n<\/div><\/div><\/div><\/div><\/div><\/div><\/div><\/section>\n","protected":false},"excerpt":{"rendered":"","protected":false},"author":1,"featured_media":784,"comment_status":"closed","ping_status":"closed","sticky":false,"template":"","format":"standard","meta":{"_acf_changed":false,"inline_featured_image":false,"_monsterinsights_skip_tracking":false,"_monsterinsights_sitenote_active":false,"_monsterinsights_sitenote_note":"","_monsterinsights_sitenote_category":0,"footnotes":""},"categories":[3],"tags":[],"class_list":["post-780","post","type-post","status-publish","format-standard","has-post-thumbnail","hentry","category-actualites"],"acf":[],"aioseo_notices":[],"yoast_head":"<!-- This site is optimized with the Yoast SEO plugin v26.8 - https:\/\/yoast.com\/product\/yoast-seo-wordpress\/ -->\n<title>J-3 Salon du cheval de Paris - Gem Equitation Porte Bonheur<\/title>\n<meta name=\"description\" content=\"J-3 Salon du cheval de Paris - Comme chaque ann\u00e9e, nous vous donnons rendez-vous au salon du cheval de Paris, \u00e0 Villepinte.\" \/>\n<meta name=\"robots\" content=\"index, follow, max-snippet:-1, max-image-preview:large, max-video-preview:-1\" \/>\n<link rel=\"canonical\" href=\"https:\/\/gem-equitation.fr\/lookbook\/j-2-salon-du-cheval-de-paris\/\" \/>\n<meta property=\"og:locale\" content=\"fr_FR\" \/>\n<meta property=\"og:type\" content=\"article\" \/>\n<meta property=\"og:title\" content=\"J-3 Salon du cheval de Paris - Gem Equitation Porte Bonheur\" \/>\n<meta property=\"og:description\" content=\"J-3 Salon du cheval de Paris - Comme chaque ann\u00e9e, nous vous donnons rendez-vous au salon du cheval de Paris, \u00e0 Villepinte.\" \/>\n<meta property=\"og:url\" content=\"https:\/\/gem-equitation.fr\/lookbook\/j-2-salon-du-cheval-de-paris\/\" \/>\n<meta property=\"og:site_name\" content=\"V\u00eatements et accessoires personnalisables Gem \u00e9quitation Lookbook\" \/>\n<meta property=\"article:publisher\" content=\"https:\/\/www.facebook.com\/GEMequitation\/\" \/>\n<meta property=\"article:published_time\" content=\"2018-11-22T08:00:49+00:00\" \/>\n<meta property=\"article:modified_time\" content=\"2019-04-19T07:28:56+00:00\" \/>\n<meta property=\"og:image\" content=\"https:\/\/gem-equitation.fr\/lookbook\/wp-content\/uploads\/2018\/11\/SALON-DU-CHEVAL-DE-PARIS_3915226031749176196.jpg\" \/>\n\t<meta property=\"og:image:width\" content=\"310\" \/>\n\t<meta property=\"og:image:height\" content=\"297\" \/>\n\t<meta property=\"og:image:type\" content=\"image\/jpeg\" \/>\n<meta name=\"author\" content=\"Dino-Flow44\" \/>\n<meta name=\"twitter:card\" content=\"summary_large_image\" \/>\n<meta name=\"twitter:label1\" content=\"\u00c9crit par\" \/>\n\t<meta name=\"twitter:data1\" content=\"Dino-Flow44\" \/>\n\t<meta name=\"twitter:label2\" content=\"Dur\u00e9e de lecture estim\u00e9e\" \/>\n\t<meta name=\"twitter:data2\" content=\"2 minutes\" \/>\n<script type=\"application\/ld+json\" class=\"yoast-schema-graph\">{\"@context\":\"https:\/\/schema.org\",\"@graph\":[{\"@type\":\"Article\",\"@id\":\"https:\/\/gem-equitation.fr\/lookbook\/j-2-salon-du-cheval-de-paris\/#article\",\"isPartOf\":{\"@id\":\"https:\/\/gem-equitation.fr\/lookbook\/j-2-salon-du-cheval-de-paris\/\"},\"author\":{\"name\":\"Dino-Flow44\",\"@id\":\"https:\/\/gem-equitation.fr\/lookbook\/#\/schema\/person\/b8afb19d7b28359d3d6318b16d65ae62\"},\"headline\":\"J-2 Salon du cheval de Paris\",\"datePublished\":\"2018-11-22T08:00:49+00:00\",\"dateModified\":\"2019-04-19T07:28:56+00:00\",\"mainEntityOfPage\":{\"@id\":\"https:\/\/gem-equitation.fr\/lookbook\/j-2-salon-du-cheval-de-paris\/\"},\"wordCount\":386,\"publisher\":{\"@id\":\"https:\/\/gem-equitation.fr\/lookbook\/#organization\"},\"image\":{\"@id\":\"https:\/\/gem-equitation.fr\/lookbook\/j-2-salon-du-cheval-de-paris\/#primaryimage\"},\"thumbnailUrl\":\"https:\/\/gem-equitation.fr\/lookbook\/wp-content\/uploads\/2018\/11\/SALON-DU-CHEVAL-DE-PARIS_3915226031749176196.jpg\",\"articleSection\":[\"ACTUALIT\u00c9S\"],\"inLanguage\":\"fr-FR\"},{\"@type\":\"WebPage\",\"@id\":\"https:\/\/gem-equitation.fr\/lookbook\/j-2-salon-du-cheval-de-paris\/\",\"url\":\"https:\/\/gem-equitation.fr\/lookbook\/j-2-salon-du-cheval-de-paris\/\",\"name\":\"J-3 Salon du cheval de Paris - Gem Equitation Porte Bonheur\",\"isPartOf\":{\"@id\":\"https:\/\/gem-equitation.fr\/lookbook\/#website\"},\"primaryImageOfPage\":{\"@id\":\"https:\/\/gem-equitation.fr\/lookbook\/j-2-salon-du-cheval-de-paris\/#primaryimage\"},\"image\":{\"@id\":\"https:\/\/gem-equitation.fr\/lookbook\/j-2-salon-du-cheval-de-paris\/#primaryimage\"},\"thumbnailUrl\":\"https:\/\/gem-equitation.fr\/lookbook\/wp-content\/uploads\/2018\/11\/SALON-DU-CHEVAL-DE-PARIS_3915226031749176196.jpg\",\"datePublished\":\"2018-11-22T08:00:49+00:00\",\"dateModified\":\"2019-04-19T07:28:56+00:00\",\"description\":\"J-3 Salon du cheval de Paris - Comme chaque ann\u00e9e, nous vous donnons rendez-vous au salon du cheval de Paris, \u00e0 Villepinte.\",\"breadcrumb\":{\"@id\":\"https:\/\/gem-equitation.fr\/lookbook\/j-2-salon-du-cheval-de-paris\/#breadcrumb\"},\"inLanguage\":\"fr-FR\",\"potentialAction\":[{\"@type\":\"ReadAction\",\"target\":[\"https:\/\/gem-equitation.fr\/lookbook\/j-2-salon-du-cheval-de-paris\/\"]}]},{\"@type\":\"ImageObject\",\"inLanguage\":\"fr-FR\",\"@id\":\"https:\/\/gem-equitation.fr\/lookbook\/j-2-salon-du-cheval-de-paris\/#primaryimage\",\"url\":\"https:\/\/gem-equitation.fr\/lookbook\/wp-content\/uploads\/2018\/11\/SALON-DU-CHEVAL-DE-PARIS_3915226031749176196.jpg\",\"contentUrl\":\"https:\/\/gem-equitation.fr\/lookbook\/wp-content\/uploads\/2018\/11\/SALON-DU-CHEVAL-DE-PARIS_3915226031749176196.jpg\",\"width\":310,\"height\":297},{\"@type\":\"BreadcrumbList\",\"@id\":\"https:\/\/gem-equitation.fr\/lookbook\/j-2-salon-du-cheval-de-paris\/#breadcrumb\",\"itemListElement\":[{\"@type\":\"ListItem\",\"position\":1,\"name\":\"Accueil\",\"item\":\"https:\/\/gem-equitation.fr\/lookbook\/\"},{\"@type\":\"ListItem\",\"position\":2,\"name\":\"J-2 Salon du cheval de Paris\"}]},{\"@type\":\"WebSite\",\"@id\":\"https:\/\/gem-equitation.fr\/lookbook\/#website\",\"url\":\"https:\/\/gem-equitation.fr\/lookbook\/\",\"name\":\"V\u00eatements et accessoires personnalisables Gem \u00e9quitation Lookbook\",\"description\":\"V\u00eatements et accessoires personnalisables\",\"publisher\":{\"@id\":\"https:\/\/gem-equitation.fr\/lookbook\/#organization\"},\"potentialAction\":[{\"@type\":\"SearchAction\",\"target\":{\"@type\":\"EntryPoint\",\"urlTemplate\":\"https:\/\/gem-equitation.fr\/lookbook\/?s={search_term_string}\"},\"query-input\":{\"@type\":\"PropertyValueSpecification\",\"valueRequired\":true,\"valueName\":\"search_term_string\"}}],\"inLanguage\":\"fr-FR\"},{\"@type\":\"Organization\",\"@id\":\"https:\/\/gem-equitation.fr\/lookbook\/#organization\",\"name\":\"V\u00eatements et accessoires personnalisables Gem \u00e9quitation Lookbook\",\"url\":\"https:\/\/gem-equitation.fr\/lookbook\/\",\"logo\":{\"@type\":\"ImageObject\",\"inLanguage\":\"fr-FR\",\"@id\":\"https:\/\/gem-equitation.fr\/lookbook\/#\/schema\/logo\/image\/\",\"url\":\"https:\/\/gem-equitation.fr\/lookbook\/wp-content\/uploads\/2023\/03\/logo-1678185479.png\",\"contentUrl\":\"https:\/\/gem-equitation.fr\/lookbook\/wp-content\/uploads\/2023\/03\/logo-1678185479.png\",\"width\":500,\"height\":190,\"caption\":\"V\u00eatements et accessoires personnalisables Gem \u00e9quitation Lookbook\"},\"image\":{\"@id\":\"https:\/\/gem-equitation.fr\/lookbook\/#\/schema\/logo\/image\/\"},\"sameAs\":[\"https:\/\/www.facebook.com\/GEMequitation\/\",\"https:\/\/www.instagram.com\/GEMequitation\/\",\"https:\/\/www.pinterest.fr\/GEMequitation\/\"]},{\"@type\":\"Person\",\"@id\":\"https:\/\/gem-equitation.fr\/lookbook\/#\/schema\/person\/b8afb19d7b28359d3d6318b16d65ae62\",\"name\":\"Dino-Flow44\",\"url\":\"https:\/\/gem-equitation.fr\/lookbook\/author\/dino-flow44\/\"}]}<\/script>\n<!-- \/ Yoast SEO plugin. -->","yoast_head_json":{"title":"J-3 Salon du cheval de Paris - Gem Equitation Porte Bonheur","description":"J-3 Salon du cheval de Paris - Comme chaque ann\u00e9e, nous vous donnons rendez-vous au salon du cheval de Paris, \u00e0 Villepinte.","robots":{"index":"index","follow":"follow","max-snippet":"max-snippet:-1","max-image-preview":"max-image-preview:large","max-video-preview":"max-video-preview:-1"},"canonical":"https:\/\/gem-equitation.fr\/lookbook\/j-2-salon-du-cheval-de-paris\/","og_locale":"fr_FR","og_type":"article","og_title":"J-3 Salon du cheval de Paris - Gem Equitation Porte Bonheur","og_description":"J-3 Salon du cheval de Paris - Comme chaque ann\u00e9e, nous vous donnons rendez-vous au salon du cheval de Paris, \u00e0 Villepinte.","og_url":"https:\/\/gem-equitation.fr\/lookbook\/j-2-salon-du-cheval-de-paris\/","og_site_name":"V\u00eatements et accessoires personnalisables Gem \u00e9quitation Lookbook","article_publisher":"https:\/\/www.facebook.com\/GEMequitation\/","article_published_time":"2018-11-22T08:00:49+00:00","article_modified_time":"2019-04-19T07:28:56+00:00","og_image":[{"width":310,"height":297,"url":"https:\/\/gem-equitation.fr\/lookbook\/wp-content\/uploads\/2018\/11\/SALON-DU-CHEVAL-DE-PARIS_3915226031749176196.jpg","type":"image\/jpeg"}],"author":"Dino-Flow44","twitter_card":"summary_large_image","twitter_misc":{"\u00c9crit par":"Dino-Flow44","Dur\u00e9e de lecture estim\u00e9e":"2 minutes"},"schema":{"@context":"https:\/\/schema.org","@graph":[{"@type":"Article","@id":"https:\/\/gem-equitation.fr\/lookbook\/j-2-salon-du-cheval-de-paris\/#article","isPartOf":{"@id":"https:\/\/gem-equitation.fr\/lookbook\/j-2-salon-du-cheval-de-paris\/"},"author":{"name":"Dino-Flow44","@id":"https:\/\/gem-equitation.fr\/lookbook\/#\/schema\/person\/b8afb19d7b28359d3d6318b16d65ae62"},"headline":"J-2 Salon du cheval de Paris","datePublished":"2018-11-22T08:00:49+00:00","dateModified":"2019-04-19T07:28:56+00:00","mainEntityOfPage":{"@id":"https:\/\/gem-equitation.fr\/lookbook\/j-2-salon-du-cheval-de-paris\/"},"wordCount":386,"publisher":{"@id":"https:\/\/gem-equitation.fr\/lookbook\/#organization"},"image":{"@id":"https:\/\/gem-equitation.fr\/lookbook\/j-2-salon-du-cheval-de-paris\/#primaryimage"},"thumbnailUrl":"https:\/\/gem-equitation.fr\/lookbook\/wp-content\/uploads\/2018\/11\/SALON-DU-CHEVAL-DE-PARIS_3915226031749176196.jpg","articleSection":["ACTUALIT\u00c9S"],"inLanguage":"fr-FR"},{"@type":"WebPage","@id":"https:\/\/gem-equitation.fr\/lookbook\/j-2-salon-du-cheval-de-paris\/","url":"https:\/\/gem-equitation.fr\/lookbook\/j-2-salon-du-cheval-de-paris\/","name":"J-3 Salon du cheval de Paris - Gem Equitation Porte Bonheur","isPartOf":{"@id":"https:\/\/gem-equitation.fr\/lookbook\/#website"},"primaryImageOfPage":{"@id":"https:\/\/gem-equitation.fr\/lookbook\/j-2-salon-du-cheval-de-paris\/#primaryimage"},"image":{"@id":"https:\/\/gem-equitation.fr\/lookbook\/j-2-salon-du-cheval-de-paris\/#primaryimage"},"thumbnailUrl":"https:\/\/gem-equitation.fr\/lookbook\/wp-content\/uploads\/2018\/11\/SALON-DU-CHEVAL-DE-PARIS_3915226031749176196.jpg","datePublished":"2018-11-22T08:00:49+00:00","dateModified":"2019-04-19T07:28:56+00:00","description":"J-3 Salon du cheval de Paris - Comme chaque ann\u00e9e, nous vous donnons rendez-vous au salon du cheval de Paris, \u00e0 Villepinte.","breadcrumb":{"@id":"https:\/\/gem-equitation.fr\/lookbook\/j-2-salon-du-cheval-de-paris\/#breadcrumb"},"inLanguage":"fr-FR","potentialAction":[{"@type":"ReadAction","target":["https:\/\/gem-equitation.fr\/lookbook\/j-2-salon-du-cheval-de-paris\/"]}]},{"@type":"ImageObject","inLanguage":"fr-FR","@id":"https:\/\/gem-equitation.fr\/lookbook\/j-2-salon-du-cheval-de-paris\/#primaryimage","url":"https:\/\/gem-equitation.fr\/lookbook\/wp-content\/uploads\/2018\/11\/SALON-DU-CHEVAL-DE-PARIS_3915226031749176196.jpg","contentUrl":"https:\/\/gem-equitation.fr\/lookbook\/wp-content\/uploads\/2018\/11\/SALON-DU-CHEVAL-DE-PARIS_3915226031749176196.jpg","width":310,"height":297},{"@type":"BreadcrumbList","@id":"https:\/\/gem-equitation.fr\/lookbook\/j-2-salon-du-cheval-de-paris\/#breadcrumb","itemListElement":[{"@type":"ListItem","position":1,"name":"Accueil","item":"https:\/\/gem-equitation.fr\/lookbook\/"},{"@type":"ListItem","position":2,"name":"J-2 Salon du cheval de Paris"}]},{"@type":"WebSite","@id":"https:\/\/gem-equitation.fr\/lookbook\/#website","url":"https:\/\/gem-equitation.fr\/lookbook\/","name":"V\u00eatements et accessoires personnalisables Gem \u00e9quitation Lookbook","description":"V\u00eatements et accessoires personnalisables","publisher":{"@id":"https:\/\/gem-equitation.fr\/lookbook\/#organization"},"potentialAction":[{"@type":"SearchAction","target":{"@type":"EntryPoint","urlTemplate":"https:\/\/gem-equitation.fr\/lookbook\/?s={search_term_string}"},"query-input":{"@type":"PropertyValueSpecification","valueRequired":true,"valueName":"search_term_string"}}],"inLanguage":"fr-FR"},{"@type":"Organization","@id":"https:\/\/gem-equitation.fr\/lookbook\/#organization","name":"V\u00eatements et accessoires personnalisables Gem \u00e9quitation Lookbook","url":"https:\/\/gem-equitation.fr\/lookbook\/","logo":{"@type":"ImageObject","inLanguage":"fr-FR","@id":"https:\/\/gem-equitation.fr\/lookbook\/#\/schema\/logo\/image\/","url":"https:\/\/gem-equitation.fr\/lookbook\/wp-content\/uploads\/2023\/03\/logo-1678185479.png","contentUrl":"https:\/\/gem-equitation.fr\/lookbook\/wp-content\/uploads\/2023\/03\/logo-1678185479.png","width":500,"height":190,"caption":"V\u00eatements et accessoires personnalisables Gem \u00e9quitation Lookbook"},"image":{"@id":"https:\/\/gem-equitation.fr\/lookbook\/#\/schema\/logo\/image\/"},"sameAs":["https:\/\/www.facebook.com\/GEMequitation\/","https:\/\/www.instagram.com\/GEMequitation\/","https:\/\/www.pinterest.fr\/GEMequitation\/"]},{"@type":"Person","@id":"https:\/\/gem-equitation.fr\/lookbook\/#\/schema\/person\/b8afb19d7b28359d3d6318b16d65ae62","name":"Dino-Flow44","url":"https:\/\/gem-equitation.fr\/lookbook\/author\/dino-flow44\/"}]}},"_links":{"self":[{"href":"https:\/\/gem-equitation.fr\/lookbook\/wp-json\/wp\/v2\/posts\/780","targetHints":{"allow":["GET"]}}],"collection":[{"href":"https:\/\/gem-equitation.fr\/lookbook\/wp-json\/wp\/v2\/posts"}],"about":[{"href":"https:\/\/gem-equitation.fr\/lookbook\/wp-json\/wp\/v2\/types\/post"}],"author":[{"embeddable":true,"href":"https:\/\/gem-equitation.fr\/lookbook\/wp-json\/wp\/v2\/users\/1"}],"replies":[{"embeddable":true,"href":"https:\/\/gem-equitation.fr\/lookbook\/wp-json\/wp\/v2\/comments?post=780"}],"version-history":[{"count":6,"href":"https:\/\/gem-equitation.fr\/lookbook\/wp-json\/wp\/v2\/posts\/780\/revisions"}],"predecessor-version":[{"id":962,"href":"https:\/\/gem-equitation.fr\/lookbook\/wp-json\/wp\/v2\/posts\/780\/revisions\/962"}],"wp:featuredmedia":[{"embeddable":true,"href":"https:\/\/gem-equitation.fr\/lookbook\/wp-json\/wp\/v2\/media\/784"}],"wp:attachment":[{"href":"https:\/\/gem-equitation.fr\/lookbook\/wp-json\/wp\/v2\/media?parent=780"}],"wp:term":[{"taxonomy":"category","embeddable":true,"href":"https:\/\/gem-equitation.fr\/lookbook\/wp-json\/wp\/v2\/categories?post=780"},{"taxonomy":"post_tag","embeddable":true,"href":"https:\/\/gem-equitation.fr\/lookbook\/wp-json\/wp\/v2\/tags?post=780"}],"curies":[{"name":"wp","href":"https:\/\/api.w.org\/{rel}","templated":true}]}}